{"id":2235,"date":"2023-05-24T18:50:35","date_gmt":"2023-05-24T16:50:35","guid":{"rendered":"https:\/\/vasco-electronics.cz\/clanky\/?p=2235"},"modified":"2024-12-16T12:11:02","modified_gmt":"2024-12-16T11:11:02","slug":"10-nejpouzivanejsich-jazyku-v-evrope","status":"publish","type":"post","link":"https:\/\/vasco-electronics.cz\/clanky\/jazyky\/10-nejpouzivanejsich-jazyku-v-evrope\/","title":{"rendered":"Jak\u00fdch je 10 nejroz\u0161\u00ed\u0159en\u011bj\u0161\u00edch jazyk\u016f v Evrop\u011b?"},"content":{"rendered":"<p>Evropa je domovem mnoha st\u00e1t\u016f a kultur. <strong>Je to fascinuj\u00edc\u00ed prost\u0159ed\u00ed, kde se mluv\u00ed mnoha jazyky. <\/strong>P\u0159inejmen\u0161\u00edm je t\u0159eba \u0159\u00edci, \u017ee t\u00e9m\u011b\u0159 v\u0161echny evropsk\u00e9 st\u00e1ty maj\u00ed sv\u016fj vlastn\u00ed \u00fa\u0159edn\u00ed jazyk!<\/p><div id=\"ez-toc-container\" class=\"ez-toc-v2_0_82_2 counter-hierarchy ez-toc-counter ez-toc-grey ez-toc-container-direction\">\n<p class=\"ez-toc-title\" style=\"cursor:inherit\">Seznam:<\/p>\n<label for=\"ez-toc-cssicon-toggle-item-69f3b4b8e043b\" class=\"ez-toc-cssicon-toggle-label\"><span class=\"ez-toc-cssicon\"><span class=\"eztoc-hide\" style=\"display:none;\">Toggle<\/span><span class=\"ez-toc-icon-toggle-span\"><svg style=\"fill: #999;color:#999\" xmlns=\"http:\/\/www.w3.org\/2000\/svg\" class=\"list-377408\" width=\"20px\" height=\"20px\" viewBox=\"0 0 24 24\" fill=\"none\"><path d=\"M6 6H4v2h2V6zm14 0H8v2h12V6zM4 11h2v2H4v-2zm16 0H8v2h12v-2zM4 16h2v2H4v-2zm16 0H8v2h12v-2z\" fill=\"currentColor\"><\/path><\/svg><svg style=\"fill: #999;color:#999\" class=\"arrow-unsorted-368013\" xmlns=\"http:\/\/www.w3.org\/2000\/svg\" width=\"10px\" height=\"10px\" viewBox=\"0 0 24 24\" version=\"1.2\" baseProfile=\"tiny\"><path d=\"M18.2 9.3l-6.2-6.3-6.2 6.3c-.2.2-.3.4-.3.7s.1.5.3.7c.2.2.4.3.7.3h11c.3 0 .5-.1.7-.3.2-.2.3-.5.3-.7s-.1-.5-.3-.7zM5.8 14.7l6.2 6.3 6.2-6.3c.2-.2.3-.5.3-.7s-.1-.5-.3-.7c-.2-.2-.4-.3-.7-.3h-11c-.3 0-.5.1-.7.3-.2.2-.3.5-.3.7s.1.5.3.7z\"\/><\/svg><\/span><\/span><\/label><input type=\"checkbox\" style='display:none' id=\"ez-toc-cssicon-toggle-item-69f3b4b8e043b\"  aria-label=\"Toggle\" \/><nav><ul class='ez-toc-list ez-toc-list-level-1 ' ><li class='ez-toc-page-1 ez-toc-heading-level-2'><a class=\"ez-toc-link ez-toc-heading-1\" href=\"https:\/\/vasco-electronics.cz\/clanky\/jazyky\/10-nejpouzivanejsich-jazyku-v-evrope\/#Rychla_historie_evropskych_jazyku\" >Rychl\u00e1 historie evropsk\u00fdch jazyk\u016f<\/a><ul class='ez-toc-list-level-3' ><li class='ez-toc-heading-level-3'><a class=\"ez-toc-link ez-toc-heading-2\" href=\"https:\/\/vasco-electronics.cz\/clanky\/jazyky\/10-nejpouzivanejsich-jazyku-v-evrope\/#Jazykove_rodiny_v_Evrope_a_jejich_vznik\" >Jazykov\u00e9 rodiny v Evrop\u011b a jejich vznik<\/a><\/li><\/ul><\/li><li class='ez-toc-page-1 ez-toc-heading-level-2'><a class=\"ez-toc-link ez-toc-heading-3\" href=\"https:\/\/vasco-electronics.cz\/clanky\/jazyky\/10-nejpouzivanejsich-jazyku-v-evrope\/#Kolik_urednich_jazyku_je_v_Evrope\" >Kolik \u00fa\u0159edn\u00edch jazyk\u016f je v Evrop\u011b?<\/a><\/li><li class='ez-toc-page-1 ez-toc-heading-level-2'><a class=\"ez-toc-link ez-toc-heading-4\" href=\"https:\/\/vasco-electronics.cz\/clanky\/jazyky\/10-nejpouzivanejsich-jazyku-v-evrope\/#Jaky_je_nejrozsirenejsi_jazyk_v_Evrope\" >Jak\u00fd je nejroz\u0161\u00ed\u0159en\u011bj\u0161\u00ed jazyk v Evrop\u011b?<\/a><ul class='ez-toc-list-level-3' ><li class='ez-toc-heading-level-3'><a class=\"ez-toc-link ez-toc-heading-5\" href=\"https:\/\/vasco-electronics.cz\/clanky\/jazyky\/10-nejpouzivanejsich-jazyku-v-evrope\/#Rusky_jazyk\" >Rusk\u00fd jazyk<\/a><\/li><li class='ez-toc-page-1 ez-toc-heading-level-3'><a class=\"ez-toc-link ez-toc-heading-6\" href=\"https:\/\/vasco-electronics.cz\/clanky\/jazyky\/10-nejpouzivanejsich-jazyku-v-evrope\/#Anglicky_jazyk\" >Anglick\u00fd jazyk<\/a><\/li><li class='ez-toc-page-1 ez-toc-heading-level-3'><a class=\"ez-toc-link ez-toc-heading-7\" href=\"https:\/\/vasco-electronics.cz\/clanky\/jazyky\/10-nejpouzivanejsich-jazyku-v-evrope\/#Nemecky_jazyk\" >N\u011bmeck\u00fd jazyk<\/a><\/li><li class='ez-toc-page-1 ez-toc-heading-level-3'><a class=\"ez-toc-link ez-toc-heading-8\" href=\"https:\/\/vasco-electronics.cz\/clanky\/jazyky\/10-nejpouzivanejsich-jazyku-v-evrope\/#Francouzstina\" >Francouz\u0161tina<\/a><\/li><li class='ez-toc-page-1 ez-toc-heading-level-3'><a class=\"ez-toc-link ez-toc-heading-9\" href=\"https:\/\/vasco-electronics.cz\/clanky\/jazyky\/10-nejpouzivanejsich-jazyku-v-evrope\/#Italstina\" >Ital\u0161tina<\/a><\/li><li class='ez-toc-page-1 ez-toc-heading-level-3'><a class=\"ez-toc-link ez-toc-heading-10\" href=\"https:\/\/vasco-electronics.cz\/clanky\/jazyky\/10-nejpouzivanejsich-jazyku-v-evrope\/#Spanelstina\" >\u0160pan\u011bl\u0161tina<\/a><\/li><li class='ez-toc-page-1 ez-toc-heading-level-3'><a class=\"ez-toc-link ez-toc-heading-11\" href=\"https:\/\/vasco-electronics.cz\/clanky\/jazyky\/10-nejpouzivanejsich-jazyku-v-evrope\/#Polstina\" >Pol\u0161tina<\/a><\/li><li class='ez-toc-page-1 ez-toc-heading-level-3'><a class=\"ez-toc-link ez-toc-heading-12\" href=\"https:\/\/vasco-electronics.cz\/clanky\/jazyky\/10-nejpouzivanejsich-jazyku-v-evrope\/#Ukrajinstina\" >Ukrajin\u0161tina<\/a><\/li><li class='ez-toc-page-1 ez-toc-heading-level-3'><a class=\"ez-toc-link ez-toc-heading-13\" href=\"https:\/\/vasco-electronics.cz\/clanky\/jazyky\/10-nejpouzivanejsich-jazyku-v-evrope\/#Holandstina\" >Holand\u0161tina<\/a><\/li><li class='ez-toc-page-1 ez-toc-heading-level-3'><a class=\"ez-toc-link ez-toc-heading-14\" href=\"https:\/\/vasco-electronics.cz\/clanky\/jazyky\/10-nejpouzivanejsich-jazyku-v-evrope\/#Rumunstina\" >Rumun\u0161tina<\/a><\/li><\/ul><\/li><li class='ez-toc-page-1 ez-toc-heading-level-2'><a class=\"ez-toc-link ez-toc-heading-15\" href=\"https:\/\/vasco-electronics.cz\/clanky\/jazyky\/10-nejpouzivanejsich-jazyku-v-evrope\/#Dominantni_jazyk_ve_vychodni_Evrope\" >Dominantn\u00ed jazyk ve v\u00fdchodn\u00ed Evrop\u011b<\/a><ul class='ez-toc-list-level-3' ><li class='ez-toc-heading-level-3'><a class=\"ez-toc-link ez-toc-heading-16\" href=\"https:\/\/vasco-electronics.cz\/clanky\/jazyky\/10-nejpouzivanejsich-jazyku-v-evrope\/#Jake_jsou_nejrozsirenejsi_jazyky_v_zapadni_Evrope\" >Jak\u00e9 jsou nejroz\u0161\u00ed\u0159en\u011bj\u0161\u00ed jazyky v z\u00e1padn\u00ed Evrop\u011b?<\/a><\/li><\/ul><\/li><li class='ez-toc-page-1 ez-toc-heading-level-2'><a class=\"ez-toc-link ez-toc-heading-17\" href=\"https:\/\/vasco-electronics.cz\/clanky\/jazyky\/10-nejpouzivanejsich-jazyku-v-evrope\/#Jake_jsou_dve_hlavni_jazykove_skupiny_v_zapadni_Evrope\" >Jak\u00e9 jsou dv\u011b hlavn\u00ed jazykov\u00e9 skupiny v z\u00e1padn\u00ed Evrop\u011b?<\/a><\/li><li class='ez-toc-page-1 ez-toc-heading-level-2'><a class=\"ez-toc-link ez-toc-heading-18\" href=\"https:\/\/vasco-electronics.cz\/clanky\/jazyky\/10-nejpouzivanejsich-jazyku-v-evrope\/#Ktere_jazykove_rodiny_v_Evrope_dominuji_ve_stredni_a_vychodni_casti\" >Kter\u00e9 jazykov\u00e9 rodiny v Evrop\u011b dominuj\u00ed ve st\u0159edn\u00ed a v\u00fdchodn\u00ed \u010d\u00e1sti?<\/a><\/li><li class='ez-toc-page-1 ez-toc-heading-level-2'><a class=\"ez-toc-link ez-toc-heading-19\" href=\"https:\/\/vasco-electronics.cz\/clanky\/jazyky\/10-nejpouzivanejsich-jazyku-v-evrope\/#Kterymi_jazyky_se_v_Evrope_nejvice_mluvi_%E2%80%93_shrnuti\" >Kter\u00fdmi jazyky se v Evrop\u011b nejv\u00edce mluv\u00ed &#8211; shrnut\u00ed<\/a><\/li><\/ul><\/nav><\/div>\n\n<p>S 24 \u00fa\u0159edn\u00edmi jazyky a a\u017e 200 mluven\u00fdmi jazyky mo\u017en\u00e1 n\u011bkdy p\u0159em\u00fd\u0161l\u00edte: \u201eJak\u00fdmi jazyky se v Evrop\u011b mluv\u00ed?\u201c<\/p>\n<p>Dnes se tedy pod\u00edv\u00e1me l\u00e9pe na to, jak\u00e9 jsou <strong>nejb\u011b\u017en\u011bj\u0161\u00ed jazyky v Evrop\u011b<\/strong>.<\/p>\n<p>Pod\u00edv\u00e1me se tak\u00e9 na obecnou historii jazykov\u00fdch rodin v Evrop\u011b.<\/p>\n<ul>\n<li>Jak\u00fdmi jazyky se v Evrop\u011b mluv\u00ed?<\/li>\n<li>Jak\u00fd je <span style=\"background-color: var(--green-10); color: inherit;\" data-color=\"var(--green-10)\">nejroz\u0161\u00ed\u0159en\u011bj\u0161\u00ed jazyk<\/span> v Evrop\u011b<strong>?<\/strong><\/li>\n<li>Kter\u00e9 jazykov\u00e9 skupiny jsou v Evrop\u011b nejobl\u00edben\u011bj\u0161\u00ed?<\/li>\n<li>Jak\u00e1 je <strong>historie evropsk\u00fdch jazyk\u016f<\/strong>?<\/li>\n<li>Kter\u00fd jazyk je nejdominantn\u011bj\u0161\u00ed v z\u00e1padn\u00ed Evrop\u011b?<\/li>\n<li>Kter\u00e1 jazykov\u00e1 rodina dominuje ve st\u0159edn\u00ed a v\u00fdchodn\u00ed Evrop\u011b?<\/li>\n<li>Jak\u00e9 jsou dv\u011b hlavn\u00ed jazykov\u00e9 skupiny <strong>v z\u00e1padn\u00ed Evrop\u011b?<\/strong><\/li>\n<li>Jak\u00fd je nejroz\u0161\u00ed\u0159en\u011bj\u0161\u00ed germ\u00e1nsk\u00fd jazyk v Evrop\u011b?<\/li>\n<li>Jak\u00e9 jsou <strong>dv\u011b hlavn\u00ed jazykov\u00e9 skupiny v z\u00e1padn\u00ed Evrop\u011b<\/strong>?<\/li>\n<\/ul>\n<p>Pokud chcete zn\u00e1t odpov\u011bdi na tyto ot\u00e1zky, ur\u010dit\u011b si p\u0159e\u010dt\u011bte tento \u010dl\u00e1nek.<\/p>\n<p>Douf\u00e1me, \u017ee na konci tohoto \u010dl\u00e1nku budete m\u00edt v\u011bt\u0161\u00ed p\u0159ehled o <span style=\"background-color: var(--green-10); color: inherit;\" data-color=\"var(--green-10)\">rozd\u011blen\u00ed jazyk\u016f v Evrop\u011b<\/span>.<\/p>\n<p>A tak\u00e9, pro\u010d je dobr\u00e9 um\u011bt kter\u00e9mkoliv z nich komunikovat.<\/p>\n<p><a href=\"https:\/\/vasco-electronics.cz\/clanky\/wp-content\/uploads\/2023\/05\/3909d43e-b472-41da-a07a-2bba3dad2aad.png\"><img decoding=\"async\" class=\"alignnone size-full wp-image-1786\" src=\"https:\/\/vasco-electronics.cz\/clanky\/wp-content\/uploads\/2023\/05\/3909d43e-b472-41da-a07a-2bba3dad2aad.png\" alt=\"Velmi star\u00fd dokument napsan\u00fd v nezn\u00e1m\u00e9m jazyce\" width=\"1200\" height=\"628\" srcset=\"https:\/\/vasco-electronics.cz\/clanky\/wp-content\/uploads\/2023\/05\/3909d43e-b472-41da-a07a-2bba3dad2aad.png 1200w, https:\/\/vasco-electronics.cz\/clanky\/wp-content\/uploads\/2023\/05\/3909d43e-b472-41da-a07a-2bba3dad2aad-300x157.png 300w, https:\/\/vasco-electronics.cz\/clanky\/wp-content\/uploads\/2023\/05\/3909d43e-b472-41da-a07a-2bba3dad2aad-1024x536.png 1024w, https:\/\/vasco-electronics.cz\/clanky\/wp-content\/uploads\/2023\/05\/3909d43e-b472-41da-a07a-2bba3dad2aad-768x402.png 768w\" sizes=\"(max-width: 1200px) 100vw, 1200px\" \/><\/a><\/p>\n<div class=\"faq-section\">\n<h3>FAQ:<\/h3>\n<h4 class=\"question1\">Jak\u00e9 jsou t\u0159i hlavn\u00ed jazykov\u00e9 rodiny v Evrop\u011b?<\/h4>\n<div class=\"answer1\">T\u0159i hlavn\u00ed jazykov\u00e9 rodiny v Evrop\u011b jsou indoevropsk\u00e1, uralsk\u00e1 a turkick\u00e1 jazykov\u00e1 rodina.<\/div>\n<h4 class=\"question2\">Kolik \u00fa\u0159edn\u00edch jazyk\u016f je v Evropsk\u00e9 unii?<\/h4>\n<div class=\"answer2\">V Evropsk\u00e9 unii je 24 \u00fa\u0159edn\u00edch jazyk\u016f.<\/div>\n<h4 class=\"question3\">Jak\u00fd je nejroz\u0161\u00ed\u0159en\u011bj\u0161\u00ed jazyk v Evrop\u011b?<\/h4>\n<div class=\"answer3\">Nejroz\u0161\u00ed\u0159en\u011bj\u0161\u00edm jazykem v Evrop\u011b je ru\u0161tina.<\/div>\n<\/div>\n<h2><span class=\"ez-toc-section\" id=\"Rychla_historie_evropskych_jazyku\"><\/span>Rychl\u00e1 historie evropsk\u00fdch jazyk\u016f<span class=\"ez-toc-section-end\"><\/span><\/h2>\n<p>Evropsk\u00e9 jazyky maj\u00ed bohatou a rozmanitou historii, kter\u00e1 trv\u00e1 tis\u00edce let. B\u011bhem tohoto obdob\u00ed byl kontinent sv\u011bdkem v\u00fdznamn\u00fdch jazykov\u00fdch zm\u011bn a v\u00fdvoje.<\/p>\n<p>Ne\u017e tedy probereme <span style=\"background-color: var(--green-10); color: inherit;\" data-color=\"var(--green-10)\">nejroz\u0161\u00ed\u0159en\u011bj\u0161\u00ed jazyk<\/span> v Evrop\u011b, poj\u010fme prozkoumat hlavn\u00ed <span style=\"background-color: var(--green-10); color: inherit;\" data-color=\"var(--green-10)\">jazykov\u00e9 skupiny v Evrop\u011b<\/span>.<\/p>\n<h3><span class=\"ez-toc-section\" id=\"Jazykove_rodiny_v_Evrope_a_jejich_vznik\"><\/span><span style=\"background-color: var(--green-10); color: inherit;\" data-color=\"var(--green-10)\">Jazykov\u00e9 rodiny v Evrop\u011b<\/span> a jejich vznik<span class=\"ez-toc-section-end\"><\/span><\/h3>\n<p>Jazyky, kter\u00fdmi se dnes v Evrop\u011b mluv\u00ed, sv\u00fdm p\u016fvodem m\u016f\u017eeme rozd\u011blit do n\u011bkolika kl\u00ed\u010dov\u00fdch jazykov\u00fdch rodin.<\/p>\n<p>Jak\u00e9 jsou tedy t\u0159i hlavn\u00ed <span style=\"background-color: var(--green-10); color: inherit;\" data-color=\"var(--green-10)\">jazykov\u00e9 rodiny v Evrop\u011b?<\/span><\/p>\n<p>Nejv\u00fdrazn\u011bj\u0161\u00ed z nich jsou <strong>indoevropsk\u00e9, uralsk\u00e9 a turkick\u00e9 jazykov\u00e9 rodiny.<\/strong><\/p>\n<h4>Indoevropsk\u00e9 jazyky:<\/h4>\n<p>Indoevropsk\u00e1 jazykov\u00e1 rodina je nejv\u011bt\u0161\u00ed a nejroz\u0161\u00ed\u0159en\u011bj\u0161\u00ed jazykovou skupinou v Evrop\u011b, kter\u00e1 zahrnuje jazyky jako <strong>angli\u010dtina, n\u011bm\u010dina, francouz\u0161tina, \u0161pan\u011bl\u0161tina a ru\u0161tina<\/strong>.<\/p>\n<p>P\u0159edpokl\u00e1d\u00e1 se, \u017ee tyto jazyky se vyvinuly ze spole\u010dn\u00e9ho rodov\u00e9ho jazyka zvan\u00e9ho praindoevrop\u0161tina, kter\u00fdm se mluvilo asi p\u0159ed 6000 lety.<\/p>\n<p>Uralsk\u00e1 jazykov\u00e1 rodina je dal\u0161\u00ed v\u00fdznamnou jazykovou skupinou v Evrop\u011b, kter\u00e1 zahrnuje jazyky jako <strong>fin\u0161tina, eston\u0161tina a ma\u010far\u0161tina<\/strong>.<\/p>\n<p>P\u0159edpokl\u00e1d\u00e1 se, \u017ee tyto jazyky poch\u00e1zej\u00ed z oblasti poho\u0159\u00ed Ural a maj\u00ed spole\u010dn\u00e9ho p\u0159edka zn\u00e1m\u00e9ho jako proto-ural\u0161tina.<\/p>\n<h4>turkick\u00e9 jazyky:<\/h4>\n<p>Turkick\u00e1 jazykov\u00e1 rodina je men\u0161\u00ed ve srovn\u00e1n\u00ed s indoevropsk\u00fdmi a uralsk\u00fdmi rodinami, ale st\u00e1le hraje v\u00fdznamnou roli na evropsk\u00e9m lingvistick\u00e9m \u00fazem\u00ed.<\/p>\n<p>Jazyky jako <strong>ture\u010dtina, \u00e1zerb\u00e1jd\u017e\u00e1n\u0161tina a tatar\u0161tina<\/strong> jsou sou\u010d\u00e1st\u00ed t\u00e9to jazykov\u00e9 skupiny.<\/p>\n<p><a href=\"https:\/\/vasco-electronics.cz\/clanky\/wp-content\/uploads\/2023\/05\/53aeefd6-fb4d-4c40-8958-5a9b0065bb3e.png\"><img decoding=\"async\" class=\"alignnone wp-image-1787 size-full\" src=\"https:\/\/vasco-electronics.cz\/clanky\/wp-content\/uploads\/2023\/05\/53aeefd6-fb4d-4c40-8958-5a9b0065bb3e.png\" alt=\"Osoba sed\u00edc\u00ed p\u0159ed dv\u011bma velk\u00fdmi obrazovkami\" width=\"1200\" height=\"628\" srcset=\"https:\/\/vasco-electronics.cz\/clanky\/wp-content\/uploads\/2023\/05\/53aeefd6-fb4d-4c40-8958-5a9b0065bb3e.png 1200w, https:\/\/vasco-electronics.cz\/clanky\/wp-content\/uploads\/2023\/05\/53aeefd6-fb4d-4c40-8958-5a9b0065bb3e-300x157.png 300w, https:\/\/vasco-electronics.cz\/clanky\/wp-content\/uploads\/2023\/05\/53aeefd6-fb4d-4c40-8958-5a9b0065bb3e-1024x536.png 1024w, https:\/\/vasco-electronics.cz\/clanky\/wp-content\/uploads\/2023\/05\/53aeefd6-fb4d-4c40-8958-5a9b0065bb3e-768x402.png 768w\" sizes=\"(max-width: 1200px) 100vw, 1200px\" \/><\/a><\/p>\n<h2><span class=\"ez-toc-section\" id=\"Kolik_urednich_jazyku_je_v_Evrope\"><\/span>Kolik \u00fa\u0159edn\u00edch jazyk\u016f je v Evrop\u011b?<span class=\"ez-toc-section-end\"><\/span><\/h2>\n<p>V Evrop\u011b neexistuje jeden \u00fa\u0159edn\u00ed jazyk kv\u016fli bohat\u00e9 jazykov\u00e9 rozmanitosti kontinentu. V r\u00e1mci Evropsk\u00e9 unie (EU) existuje<strong> 24 \u00fa\u0159edn\u00edch jazyk\u016f<\/strong>, co\u017e odr\u00e1\u017e\u00ed rozmanitost kultur mezi jej\u00edmi \u010dlensk\u00fdmi st\u00e1ty.<\/p>\n<p>Tyto jazyky hraj\u00ed z\u00e1sadn\u00ed roli ve fungov\u00e1n\u00ed EU, proto\u017ee zaji\u0161\u0165uj\u00ed \u00fa\u010dinnou komunikaci, podporuj\u00ed kulturn\u00ed porozum\u011bn\u00ed a prosazuj\u00ed z\u00e1sadu jazykov\u00e9 rovnosti.<\/p>\n<p><strong>Mimo EU maj\u00ed jednotliv\u00e9 evropsk\u00e9 zem\u011b \u010dasto jeden nebo v\u00edce \u00fa\u0159edn\u00edch jazyk\u016f<\/strong> (nap\u0159\u00edklad \u0160v\u00fdcarsko, Belgie a Irsko), co\u017e tak\u00e9 p\u0159isp\u00edv\u00e1 ke slo\u017eit\u00e9 a rozmanit\u00e9 jazykov\u00e9 rozmanitosti kontinentu.<\/p>\n<p><a href=\"https:\/\/vasco-electronics.cz\/clanky\/wp-content\/uploads\/2023\/05\/c1ec3c7b-bcc8-4f7a-a6fc-11cee39efc39.png\"><img decoding=\"async\" class=\"alignnone wp-image-1788 size-full\" src=\"https:\/\/vasco-electronics.cz\/clanky\/wp-content\/uploads\/2023\/05\/c1ec3c7b-bcc8-4f7a-a6fc-11cee39efc39.png\" alt=\"T\u0159i lid\u00e9, kte\u0159\u00ed se d\u00edvaj\u00ed do se\u0161itu. V pozad\u00ed scen\u00e9rie jako z Hollywoodu.\" width=\"1200\" height=\"628\" srcset=\"https:\/\/vasco-electronics.cz\/clanky\/wp-content\/uploads\/2023\/05\/c1ec3c7b-bcc8-4f7a-a6fc-11cee39efc39.png 1200w, https:\/\/vasco-electronics.cz\/clanky\/wp-content\/uploads\/2023\/05\/c1ec3c7b-bcc8-4f7a-a6fc-11cee39efc39-300x157.png 300w, https:\/\/vasco-electronics.cz\/clanky\/wp-content\/uploads\/2023\/05\/c1ec3c7b-bcc8-4f7a-a6fc-11cee39efc39-1024x536.png 1024w, https:\/\/vasco-electronics.cz\/clanky\/wp-content\/uploads\/2023\/05\/c1ec3c7b-bcc8-4f7a-a6fc-11cee39efc39-768x402.png 768w\" sizes=\"(max-width: 1200px) 100vw, 1200px\" \/><\/a><\/p>\n<h2><span class=\"ez-toc-section\" id=\"Jaky_je_nejrozsirenejsi_jazyk_v_Evrope\"><\/span>Jak\u00fd je <span style=\"background-color: var(--green-10); color: inherit;\" data-color=\"var(--green-10)\">nejroz\u0161\u00ed\u0159en\u011bj\u0161\u00ed jazyk<\/span> v Evrop\u011b?<span class=\"ez-toc-section-end\"><\/span><\/h2>\n<p>Zam\u011b\u0159me se zde na hlavn\u00ed jazyky, kter\u00fdmi se nyn\u00ed v Evrop\u011b mluv\u00ed.<\/p>\n<ol>\n<li>\n<h3><span class=\"ez-toc-section\" id=\"Rusky_jazyk\"><\/span>Rusk\u00fd jazyk<span class=\"ez-toc-section-end\"><\/span><\/h3>\n<\/li>\n<\/ol>\n<p>Jak\u00fd je tedy <span style=\"background-color: var(--green-10); color: inherit;\" data-color=\"var(--green-10)\">nejroz\u0161\u00ed\u0159en\u011bj\u0161\u00ed jazyk<\/span> v Evrop\u011b?<\/p>\n<p>Je to ru\u0161tina. Pro v\u00edce ne\u017e 100 milion\u016f lid\u00ed se jedn\u00e1 o rodn\u00fd jazyk. Ru\u0161tina je v\u00fdchodoslovansk\u00fd jazyk, kter\u00fd je sou\u010d\u00e1st\u00ed indoevropsk\u00e9 jazykov\u00e9 rodiny.<\/p>\n<p>Z\u00e1rove\u0148 je to <span style=\"background-color: var(--green-10); color: inherit;\" data-color=\"var(--green-10)\">nejroz\u0161\u00ed\u0159en\u011bj\u0161\u00ed jazyk<\/span> v Evrop\u011b.<\/p>\n<p>Ru\u0161tinou se tak\u00e9 hojn\u011b mluv\u00ed v sousedn\u00edch zem\u00edch, jako je <strong>Ukrajina a B\u011blorusko<\/strong>.<\/p>\n<p>Rusk\u00fd jazyk proto zauj\u00edm\u00e1 p\u0159edn\u00ed m\u00edsto mezi mluven\u00fdmi jazyky v Evrop\u011b.<\/p>\n<h4>O rusk\u00e9m jazyce<\/h4>\n<p>Krom\u011b toho, \u017ee je ru\u0161tina <span style=\"background-color: var(--green-10); color: inherit;\" data-color=\"var(--green-10)\">nejroz\u0161\u00ed\u0159en\u011bj\u0161\u00ed jazyk<\/span> v Evrop\u011b, m\u00e1 celosv\u011btov\u00fd dosah a miliony mluv\u010d\u00edch po cel\u00e9m sv\u011bt\u011b.<\/p>\n<p>Vliv ru\u0161tiny sah\u00e1 nejen do zem\u00ed b\u00fdval\u00e9ho Sov\u011btsk\u00e9ho svazu, ale i do komunit po cel\u00e9m sv\u011bt\u011b.<\/p>\n<p>Jako <span style=\"background-color: var(--green-10); color: inherit;\" data-color=\"var(--green-10)\">nejroz\u0161\u00ed\u0159en\u011bj\u0161\u00ed jazyk<\/span> v Evrop\u011b, hraje ru\u0161tina kl\u00ed\u010dovou roli v mezin\u00e1rodn\u00ed diplomacii a komunikaci.<\/p>\n<p>Ru\u0161tina pou\u017e\u00edv\u00e1 jako p\u00edsmo tak zvanou cyrilici.<\/p>\n<ol start=\"2\">\n<li>\n<h3><span class=\"ez-toc-section\" id=\"Anglicky_jazyk\"><\/span>Anglick\u00fd jazyk<span class=\"ez-toc-section-end\"><\/span><\/h3>\n<\/li>\n<\/ol>\n<p>Angli\u010dtina je jedn\u00edm z nejroz\u0161\u00ed\u0159en\u011bj\u0161\u00edch evropsk\u00fdch jazyk\u016f. Je to tak\u00e9 <strong>jeden z nejroz\u0161\u00ed\u0159en\u011bj\u0161\u00edch jazyk\u016f na sv\u011bt\u011b<\/strong>, a to d\u00edky sv\u00e9mu postaven\u00ed lingua franca pro mezin\u00e1rodn\u00ed komunikaci.<\/p>\n<h4>o anglick\u00e9m jazyce<\/h4>\n<p>S p\u0159ibli\u017en\u011b 1,5 miliardami mluv\u010d\u00edch po cel\u00e9m sv\u011bt\u011b je angli\u010dtina z\u00e1rove\u0148 nejroz\u0161\u00ed\u0159en\u011bj\u0161\u00edm jazykem na sv\u011bt\u011b. Je to tak\u00e9 nejroz\u0161\u00ed\u0159en\u011bj\u0161\u00ed germ\u00e1nsk\u00fd jazyk v Evrop\u011b.<\/p>\n<p>\u00da\u0159edn\u00edm jazykem je angli\u010dtina v Evrop\u011b pouze ve <strong>Spojen\u00e9m kr\u00e1lovstv\u00ed a Irsku<\/strong>, nicm\u00e9n\u011b miliony lid\u00ed v ostatn\u00edch zem\u00edch Evropy angli\u010dtinu m\u00e1 jako druh\u00fd jazyk.<\/p>\n<p>Anglick\u00fd jazyk je ned\u00edlnou sou\u010d\u00e1st\u00ed jazykov\u00e9ho prost\u0159ed\u00ed v Evrop\u011b. Jako \u010dlen z\u00e1padogerm\u00e1nsk\u00e9 v\u011btve pat\u0159\u00ed do indoevropsk\u00e9 rodiny, jedn\u00e9 z nejv\u011bt\u0161\u00edch <span style=\"background-color: var(--green-10); color: inherit;\" data-color=\"var(--green-10)\">jazykov\u00fdch rodin v Evrop\u011b<\/span>. Germ\u00e1nsk\u00e9 jazyky p\u0159edstavuj\u00ed jednu z v\u011btv\u00ed indoevropsk\u00fdch jazyk\u016f.<\/p>\n<p>A\u010dkoli to nen\u00ed nejroz\u0161\u00ed\u0159en\u011bj\u0161\u00ed jazyk v Evrop\u011b, je to <strong>t\u0159et\u00ed <span style=\"background-color: var(--green-10); color: inherit;\" data-color=\"var(--green-10)\">nejroz\u0161\u00ed\u0159en\u011bj\u0161\u00ed jazyk<\/span><\/strong> s p\u0159ibli\u017en\u011b 70 miliony rodil\u00fdch mluv\u010d\u00edch.<\/p>\n<p>Angli\u010dtina m\u00e1 v Evrop\u011b v\u00fdznamn\u00e9 zastoupen\u00ed nap\u0159\u00ed\u010d r\u016fzn\u00fdmi jazykov\u00fdmi skupinami a je pova\u017eov\u00e1na za nejpou\u017e\u00edvan\u011bj\u0161\u00ed jazyk v Evrop\u011b pro mezin\u00e1rodn\u00ed komunikaci.<\/p>\n<p>Angli\u010dtina se d\u00edky sv\u00e9mu glob\u00e1ln\u00edmu vlivu a roz\u0161\u00ed\u0159en\u00e9mu pou\u017e\u00edv\u00e1n\u00ed stala <strong>v Evrop\u011b prim\u00e1rn\u00edm jazykem pro obchod, diplomacii a cestov\u00e1n\u00ed.<\/strong><\/p>\n<ol start=\"3\">\n<li>\n<h3><span class=\"ez-toc-section\" id=\"Nemecky_jazyk\"><\/span>N\u011bmeck\u00fd jazyk<span class=\"ez-toc-section-end\"><\/span><\/h3>\n<\/li>\n<\/ol>\n<p>S p\u0159ibli\u017en\u011b 95 miliony rodil\u00fdch mluv\u010d\u00edch je n\u011bm\u010dina t\u0159et\u00ed nejobl\u00edben\u011bj\u0161\u00ed <span style=\"background-color: var(--green-10); color: inherit;\" data-color=\"var(--green-10)\">evropsk\u00fd jazyk<\/span>. N\u011bm\u010dina je z\u00e1padogerm\u00e1nsk\u00fd jazyk a mluv\u00ed se j\u00edm p\u0159edev\u0161\u00edm v N\u011bmecku, Rakousku a \u0160v\u00fdcarsku.<\/p>\n<p><strong>N\u011bm\u010dinu jako druh\u00fd jazyk m\u00e1 asi 30 milion\u016f lid\u00ed.<\/strong><\/p>\n<h4>O n\u011bmeck\u00e9m jazyce<\/h4>\n<p>Jako jeden z nej\u010dast\u011bji pou\u017e\u00edvan\u00fdch jazyk\u016f v Evrop\u011b se n\u011bm\u010dinou mluv\u00ed tak\u00e9 v sousedn\u00edch zem\u00edch a je tak\u00e9 <span style=\"background-color: var(--green-10); color: inherit;\" data-color=\"var(--green-10)\">\u00fa\u0159edn\u00ed jazyk Evropsk\u00e9 unie<\/span>.<\/p>\n<p>N\u011bmeck\u00fd jazyk je nezbytnou sou\u010d\u00e1st\u00ed jazykov\u00e9 rozmanitosti mluven\u00fdch jazyk\u016f v Evrop\u011b.<\/p>\n<p>Germ\u00e1nsk\u00e9 jazyky, ke kter\u00fdm n\u011bm\u010dina pat\u0159\u00ed jsou z\u00e1rove\u0148 sou\u010d\u00e1st\u00ed velk\u00e9 indoevropsk\u00e9 jazykov\u00e9 rodiny.<\/p>\n<p>N\u011bm\u010dina jako \u00fa\u0159edn\u00ed jazyk N\u011bmecka, Rakouska a \u0160v\u00fdcarska m\u00e1 ve st\u0159edn\u00ed Evrop\u011b siln\u00e9 zastoupen\u00ed.<\/p>\n<p>Je to tak\u00e9 jeden z nejpou\u017e\u00edvan\u011bj\u0161\u00edch jazyk\u016f v Evrop\u011b, co\u017e z n\u011bj \u010din\u00ed <strong>d\u016fle\u017eit\u00fd jazyk pro komunikaci, obchod a kulturu<\/strong>.<\/p>\n<p>N\u011bm\u010dina je nav\u00edc <span style=\"background-color: var(--green-10); color: inherit;\" data-color=\"var(--green-10)\">\u00fa\u0159edn\u00ed jazyk Evropsk\u00e9 unie<\/span> a mluv\u00ed j\u00edm mnoho lid\u00ed v sousedn\u00edch zem\u00edch a po cel\u00e9m sv\u011bt\u011b.<\/p>\n<p>Jej\u00ed \u0161irok\u00e9 pou\u017e\u00edv\u00e1n\u00ed a vliv p\u0159isp\u00edvaj\u00ed k postaven\u00ed n\u011bmeck\u00e9ho jazyka jako v\u00fdznamn\u00e9ho jazyka v evropsk\u00e9 lingvistick\u00e9 krajin\u011b.<\/p>\n<p><a href=\"https:\/\/vasco-electronics.cz\/clanky\/wp-content\/uploads\/2023\/05\/bc383da9-bdf6-4de8-ab40-44bd23c5a55b.png\"><img decoding=\"async\" class=\"alignnone wp-image-1789 size-full\" src=\"https:\/\/vasco-electronics.cz\/clanky\/wp-content\/uploads\/2023\/05\/bc383da9-bdf6-4de8-ab40-44bd23c5a55b.png\" alt=\"Dv\u011b \u017eeny konverzuj\u00ed na ulici\" width=\"1200\" height=\"628\" srcset=\"https:\/\/vasco-electronics.cz\/clanky\/wp-content\/uploads\/2023\/05\/bc383da9-bdf6-4de8-ab40-44bd23c5a55b.png 1200w, https:\/\/vasco-electronics.cz\/clanky\/wp-content\/uploads\/2023\/05\/bc383da9-bdf6-4de8-ab40-44bd23c5a55b-300x157.png 300w, https:\/\/vasco-electronics.cz\/clanky\/wp-content\/uploads\/2023\/05\/bc383da9-bdf6-4de8-ab40-44bd23c5a55b-1024x536.png 1024w, https:\/\/vasco-electronics.cz\/clanky\/wp-content\/uploads\/2023\/05\/bc383da9-bdf6-4de8-ab40-44bd23c5a55b-768x402.png 768w\" sizes=\"(max-width: 1200px) 100vw, 1200px\" \/><\/a><\/p>\n<ol start=\"4\">\n<li>\n<h3><span class=\"ez-toc-section\" id=\"Francouzstina\"><\/span>Francouz\u0161tina<span class=\"ez-toc-section-end\"><\/span><\/h3>\n<\/li>\n<\/ol>\n<p>Francouz\u0161tina je \u010dtvrt\u00fd <span style=\"background-color: var(--green-10); color: inherit;\" data-color=\"var(--green-10)\">nejroz\u0161\u00ed\u0159en\u011bj\u0161\u00ed jazyk<\/span> v Evrop\u011b s v\u00edce ne\u017e 80 miliony rodil\u00fdch mluv\u010d\u00edch.<\/p>\n<p>Francouz\u0161tina je tak\u00e9 <strong>velmi obl\u00edben\u00fdm druh\u00fdm jazykem<\/strong>. Asi 194,2 milion\u016f lid\u00ed jej pou\u017e\u00edv\u00e1 jako sv\u016fj sekund\u00e1rn\u00ed komunika\u010dn\u00ed prost\u0159edek.<\/p>\n<h4>o francouzsk\u00e9m jazyce<\/h4>\n<p>Mezi indoevropsk\u00fdmi jazyky je tak\u00e9 francouz\u0161tina, kter\u00e1 je prominentn\u00edm a vlivn\u00fdm \u010dlenem <span style=\"background-color: var(--green-10); color: inherit;\" data-color=\"var(--green-10)\">evropsk\u00e9 jazykov\u00e9 skupiny<\/span>.<\/p>\n<p>Francouz\u0161tina pat\u0159\u00ed mezi rom\u00e1nsk\u00e9 jazyky, kter\u00e9 pat\u0159\u00ed do indoevropsk\u00e9 jazykov\u00e9 skupiny.<\/p>\n<p>Francouz\u0161tina je \u00fa\u0159edn\u00edm jazykem Francie, stejn\u011b jako Belgie, \u0160v\u00fdcarska a n\u011bkolika dal\u0161\u00edch zem\u00ed mimo Evropu.<\/p>\n<p>Jako jeden z nejpou\u017e\u00edvan\u011bj\u0161\u00edch jazyk\u016f v Evrop\u011b hraje z\u00e1sadn\u00ed roli v kultu\u0159e, obchodu a diplomacii.<\/p>\n<p>Francouz\u0161tina je tak\u00e9 <span style=\"background-color: var(--green-10); color: inherit;\" data-color=\"var(--green-10)\">\u00fa\u0159edn\u00ed jazyk Evropsk\u00e9 unie<\/span> a Organizace spojen\u00fdch n\u00e1rod\u016f, co\u017e tak\u00e9 posiluje jej\u00ed glob\u00e1ln\u00ed v\u00fdznam.<\/p>\n<p>Roz\u0161\u00ed\u0159en\u00e9 pou\u017e\u00edv\u00e1n\u00ed a historick\u00fd vliv francouzsk\u00e9ho jazyka z n\u011bj \u010din\u00ed nezbytnou sou\u010d\u00e1st <span style=\"background-color: var(--green-10); color: inherit;\" data-color=\"var(--green-10)\">evropsk\u00e9 jazykov\u00e9 skupiny<\/span>.<\/p>\n<ol start=\"5\">\n<li>\n<h3><span class=\"ez-toc-section\" id=\"Italstina\"><\/span>Ital\u0161tina<span class=\"ez-toc-section-end\"><\/span><\/h3>\n<\/li>\n<\/ol>\n<p>Ital\u0161tina tak\u00e9 pat\u0159\u00ed mezi rom\u00e1nsk\u00e9 jazyky a je p\u00e1t\u00fd nejobl\u00edben\u011bj\u0161\u00ed <span style=\"background-color: var(--green-10); color: inherit;\" data-color=\"var(--green-10)\">evropsk\u00fd jazyk<\/span> s p\u0159ibli\u017en\u011b <strong>60 miliony rodil\u00fdch mluv\u010d\u00edch.<\/strong><\/p>\n<h4>o italsk\u00e9m jazyce<\/h4>\n<p>Ital\u0161tina je d\u016fle\u017eitou a kulturn\u011b bohatou slo\u017ekou <span style=\"background-color: var(--green-10); color: inherit;\" data-color=\"var(--green-10)\">jazykov\u00e9 rodiny v Evrop\u011b<\/span>.<\/p>\n<p>Italsk\u00fd jazyk pat\u0159\u00ed mezi <strong>rom\u00e1nsk\u00e9 jazyky<\/strong>, kter\u00e9 jsou jednou z v\u011btv\u00ed indoevropsk\u00e9 jazykov\u00e9 rodiny.<\/p>\n<p>Ital\u0161tina je \u00fa\u0159edn\u00edm jazykem It\u00e1lie a mluv\u00ed se j\u00ed tak\u00e9 ve \u0160v\u00fdcarsku, kde m\u00e1 ofici\u00e1ln\u00ed status.<\/p>\n<p>Ital\u0161tina jako <span style=\"background-color: var(--green-10); color: inherit;\" data-color=\"var(--green-10)\">evropsk\u00fd jazyk<\/span>, kter\u00fd je jeden z nejroz\u0161\u00ed\u0159en\u011bj\u0161\u00edch jazyk\u016f v Evrop\u011b hraje v\u00fdznamnou roli v <strong>kulturn\u00ed a historick\u00e9 identit\u011b kontinentu<\/strong>.<\/p>\n<p>Italsk\u00fd jazyk je zn\u00e1m\u00fd pro sv\u00e9 spojen\u00ed s um\u011bn\u00edm, zejm\u00e9na v hudb\u011b a literatu\u0159e, kter\u00e9 p\u0159isp\u011bly k jeho celosv\u011btov\u00e9mu vlivu.<\/p>\n<p>V Evrop\u011b se ital\u0161tinou mluv\u00ed nejen v It\u00e1lii a \u0160v\u00fdcarsku, ale tak\u00e9 v men\u0161inov\u00fdch komunit\u00e1ch v sousedn\u00edch zem\u00edch, co\u017e zd\u016fraz\u0148uje jej\u00ed p\u0159\u00edtomnost v evropsk\u00e9m jazykov\u00e9m prost\u0159ed\u00ed.<\/p>\n<ol start=\"6\">\n<li>\n<h3><span class=\"ez-toc-section\" id=\"Spanelstina\"><\/span>\u0160pan\u011bl\u0161tina<span class=\"ez-toc-section-end\"><\/span><\/h3>\n<\/li>\n<\/ol>\n<p>\u0160pan\u011bl\u0161tina je \u0161est\u00fd <span style=\"background-color: var(--green-10); color: inherit;\" data-color=\"var(--green-10)\">nejroz\u0161\u00ed\u0159en\u011bj\u0161\u00ed jazyk<\/span> v Evrop\u011b s asi <strong>47 miliony rodil\u00fdch mluv\u010d\u00edch<\/strong>.<\/p>\n<h4>o \u0161pan\u011blsk\u00e9m jazyce<\/h4>\n<p>Jako rom\u00e1nsk\u00fd jazyk je \u0161pan\u011bl\u0161tina \u00fa\u0159edn\u00ed <span style=\"background-color: var(--green-10); color: inherit;\" data-color=\"var(--green-10)\">evropsk\u00fd jazyk<\/span> \u0160pan\u011blska a m\u00e1 zna\u010dn\u00fd po\u010det mluv\u010d\u00edch tak\u00e9 v jin\u00fdch evropsk\u00fdch zem\u00edch d\u00edky imigraci.<\/p>\n<p>Mimo Evropu je to \u00fa\u0159edn\u00ed jazyk nap\u0159\u00edklad pro obyvatele Latinsk\u00e9 Ameriky.<\/p>\n<p>\u0160pan\u011blsk\u00fd jazyk je d\u016fle\u017eitou a vlivnou sou\u010d\u00e1st\u00ed <span style=\"background-color: var(--green-10); color: inherit;\" data-color=\"var(--green-10)\">jazykov\u00e9 skupiny v Evrop\u011b<\/span>.<\/p>\n<p>Je to rom\u00e1nsk\u00fd jazyk, kter\u00fd je v\u011btv\u00ed indoevropsk\u00e9 jazykov\u00e9 rodiny.<\/p>\n<p>\u0160pan\u011bl\u0161tina pat\u0159\u00ed do <span style=\"background-color: var(--green-10); color: inherit;\" data-color=\"var(--green-10)\">skupiny jazyk\u016f v Evrop\u011b<\/span>, kter\u00e9 jsou nejpou\u017e\u00edvan\u011bj\u0161\u00ed, d\u00edky \u010demu zauj\u00edm\u00e1 d\u016fle\u017eit\u00e9 postaven\u00ed v <strong>evropsk\u00e9 kultu\u0159e, obchodu a komunikaci.<\/strong><\/p>\n<p>D\u00edky trval\u00e9mu vlivu a v\u00fdzna\u010dnosti \u0161pan\u011blsk\u00e9ho jazyka je kl\u00ed\u010dovou sou\u010d\u00e1st\u00ed <span style=\"background-color: var(--green-10); color: inherit;\" data-color=\"var(--green-10)\">evropsk\u00e9 jazykov\u00e9 skupiny<\/span>.<\/p>\n<ol start=\"7\">\n<li>\n<h3><span class=\"ez-toc-section\" id=\"Polstina\"><\/span>Pol\u0161tina<span class=\"ez-toc-section-end\"><\/span><\/h3>\n<\/li>\n<\/ol>\n<p>Ofici\u00e1ln\u00edm \u00fa\u0159edn\u00edm jazykem Polska mluv\u00ed p\u0159ibli\u017en\u011b <strong>40 milion\u016f Evropan\u016f.<\/strong><\/p>\n<p>Pol\u0161tina je tak sedm\u00fd <span style=\"background-color: var(--green-10); color: inherit;\" data-color=\"var(--green-10)\">nejroz\u0161\u00ed\u0159en\u011bj\u0161\u00ed jazyk<\/span> v Evrop\u011b.<\/p>\n<h4>o polsk\u00e9m jazyce<\/h4>\n<p>Polsk\u00fd jazyk je ned\u00edlnou a kulturn\u011b v\u00fdznamnou sou\u010d\u00e1st\u00ed pou\u017e\u00edvan\u00fdch jazyk\u016f v Evrop\u011b.<\/p>\n<p>Pol\u0161tina pat\u0159\u00ed do slovansk\u00fdch jazyk\u016f, kter\u00e9 jsou v\u011btv\u00ed v\u011bt\u0161\u00ed indoevropsk\u00e9 jazykov\u00e9 rodiny.<\/p>\n<p>Jako jedin\u00fd \u00fa\u0159edn\u00ed jazyk Polska m\u00e1 v zemi siln\u00e9 zastoupen\u00ed a m\u00e1 vliv na evropskou jazykovou krajinu.<\/p>\n<p>Polsky se mluv\u00ed nejen v Polsku, ale tak\u00e9 v <strong>men\u0161inov\u00fdch komunit\u00e1ch v sousedn\u00edch zem\u00edch<\/strong> a po cel\u00e9m sv\u011bt\u011b, co\u017e p\u0159isp\u00edv\u00e1 k jeho glob\u00e1ln\u00edmu vlivu.<\/p>\n<p>Pol\u0161tina pat\u0159\u00ed mezi <span style=\"background-color: var(--green-10); color: inherit;\" data-color=\"var(--green-10)\">10 nejroz\u0161\u00ed\u0159en\u011bj\u0161\u00edch jazyk\u016f<\/span> v Evrop\u011b a hraje z\u00e1sadn\u00ed roli v kulturn\u00ed rozmanitosti a komunikaci kontinentu.<\/p>\n<p>Pol\u0161tina pat\u0159\u00ed mezi slovansk\u00e9 jazyky se slo\u017eit\u00fdm gramatick\u00fdm syst\u00e9mem a bohatou liter\u00e1rn\u00ed historii, mezi jeho prominentn\u00ed postavy pat\u0159\u00ed nositel\u00e9 Nobelovy ceny jako <strong>Wis\u0142awa Szymborska a Olga Tokarczuk.<\/strong><\/p>\n<ol start=\"8\">\n<li>\n<h3><span class=\"ez-toc-section\" id=\"Ukrajinstina\"><\/span>Ukrajin\u0161tina<span class=\"ez-toc-section-end\"><\/span><\/h3>\n<\/li>\n<\/ol>\n<p>Ukrajin\u0161tina tak\u00e9 pat\u0159\u00ed mezi slovansk\u00e9 jazyky, kter\u00fdm mluv\u00ed asi <strong>30 milion\u016f lid\u00ed v Evrop\u011b<\/strong>, p\u0159edev\u0161\u00edm na Ukrajin\u011b. Jedn\u00e1 se tedy o osm\u00fd <strong><span style=\"background-color: var(--green-10); color: inherit;\" data-color=\"var(--green-10)\">nejroz\u0161\u00ed\u0159en\u011bj\u0161\u00ed jazyk<\/span><\/strong> v Evrop\u011b.<\/p>\n<h4>o ukrajinsk\u00e9m jazyce<\/h4>\n<p>I kdy\u017e ukrajin\u0161tina nemus\u00ed pat\u0159it k nejb\u011b\u017en\u011bj\u0161\u00edm jazyk\u016fm v Evrop\u011b, jako je angli\u010dtina, n\u011bm\u010dina nebo francouz\u0161tina, st\u00e1le m\u00e1 v\u00fdznamnou kulturn\u00ed hodnotu, zejm\u00e9na ve v\u00fdchodn\u00ed Evrop\u011b.<\/p>\n<p>Jako prim\u00e1rn\u00ed jazyk pou\u017e\u00edvan\u00fd na Ukrajin\u011b je kl\u00ed\u010dovou slo\u017ekou jazykov\u00e9 kultury Ukrajiny.<\/p>\n<p>To, \u017ee ukrajin\u0161tina nen\u00ed v\u00fdznamn\u00fdm jazykem v Evrop\u011b, je to zp\u016fsobeno t\u00edm, \u017ee <span style=\"background-color: var(--green-10); color: inherit;\" data-color=\"var(--green-10)\">po\u010det jazyk\u016f v Evrop\u011b<\/span> je velmi \u0161irok\u00fd.<\/p>\n<p>Stru\u010dn\u011b \u0159e\u010deno, ukrajinsk\u00fd jazyk je nezbytnou sou\u010d\u00e1st\u00ed <span style=\"background-color: var(--green-10); color: inherit;\" data-color=\"var(--green-10)\">skupiny jazyk\u016f v Evrop\u011b<\/span>, zejm\u00e9na ve v\u00fdchodn\u00ed Evrop\u011b.<\/p>\n<p>Bohat\u00e1 jazykov\u00e1 rozmanitost kontinentu, kter\u00e1 zahrnuje r\u016fzn\u00e9 jazykov\u00e9 rodiny a skupiny, zd\u016fraz\u0148uje v\u00fdznam ka\u017ed\u00e9ho jazyka p\u0159i utv\u00e1\u0159en\u00ed evropsk\u00e9 kulturn\u00ed identity.<\/p>\n<p><a href=\"https:\/\/vasco-electronics.cz\/clanky\/wp-content\/uploads\/2023\/05\/92554f0b-d5f3-4239-b0e2-e672d6a12f78.png\"><img decoding=\"async\" class=\"alignnone wp-image-1791 size-full\" src=\"https:\/\/vasco-electronics.cz\/clanky\/wp-content\/uploads\/2023\/05\/92554f0b-d5f3-4239-b0e2-e672d6a12f78.png\" alt=\"Holandsk\u00e9 m\u011bsto na ja\u0159e.\" width=\"1200\" height=\"628\" srcset=\"https:\/\/vasco-electronics.cz\/clanky\/wp-content\/uploads\/2023\/05\/92554f0b-d5f3-4239-b0e2-e672d6a12f78.png 1200w, https:\/\/vasco-electronics.cz\/clanky\/wp-content\/uploads\/2023\/05\/92554f0b-d5f3-4239-b0e2-e672d6a12f78-300x157.png 300w, https:\/\/vasco-electronics.cz\/clanky\/wp-content\/uploads\/2023\/05\/92554f0b-d5f3-4239-b0e2-e672d6a12f78-1024x536.png 1024w, https:\/\/vasco-electronics.cz\/clanky\/wp-content\/uploads\/2023\/05\/92554f0b-d5f3-4239-b0e2-e672d6a12f78-768x402.png 768w\" sizes=\"(max-width: 1200px) 100vw, 1200px\" \/><\/a><\/p>\n<ol start=\"9\">\n<li>\n<h3><span class=\"ez-toc-section\" id=\"Holandstina\"><\/span>Holand\u0161tina<span class=\"ez-toc-section-end\"><\/span><\/h3>\n<\/li>\n<\/ol>\n<p>Holand\u0161tina je dev\u00e1t\u00fd <span style=\"background-color: var(--green-10); color: inherit;\" data-color=\"var(--green-10)\">nejroz\u0161\u00ed\u0159en\u011bj\u0161\u00ed jazyk<\/span> v Evrop\u011b s p\u0159ibli\u017en\u011b <strong>25 miliony rodil\u00fdch mluv\u010d\u00edch<\/strong>. Je to z\u00e1padogerm\u00e1nsk\u00fd jazyk, kter\u00fdm se mluv\u00ed p\u0159edev\u0161\u00edm v Nizozemsku a Belgii (kde je zn\u00e1m\u00fd jako vl\u00e1m\u0161tina) a sd\u00edl\u00ed podobnosti s angli\u010dtinou i n\u011bm\u010dinou.<\/p>\n<h4>o holandsk\u00e9m jazyce<\/h4>\n<p>Holand\u0161tina, i kdy\u017e nen\u00ed v Evrop\u011b dominantn\u00edm jazykem, zauj\u00edm\u00e1 v jazykov\u00e9 krajin\u011b kontinentu v\u00fdznamn\u00e9 postaven\u00ed.<\/p>\n<p>P\u0159esto, \u017ee holand\u0161tina nen\u00ed prim\u00e1rn\u00edm jazykem v Evrop\u011b, se pou\u017e\u00edv\u00e1 jako \u00fa\u0159edn\u00ed jazyk v Holandsku a Belgii, kde m\u00e1 siln\u00e9 zastoupen\u00ed.<\/p>\n<p>V t\u011bchto zem\u00edch slou\u017e\u00ed holand\u0161tina jako hlavn\u00ed jazyk pro komunikaci, obchod a kulturu.<\/p>\n<p>Nejpou\u017e\u00edvan\u011bj\u0161\u00ed <span style=\"background-color: var(--green-10); color: inherit;\" data-color=\"var(--green-10)\">evropsk\u00fd jazyk<\/span> je angli\u010dtina, kter\u00e1 funguje jako lingua franca pro mezin\u00e1rodn\u00ed komunikaci, obchod a diplomacii.<\/p>\n<p>P\u0159esto\u017ee holand\u0161tina nen\u00ed dominantn\u00ed ani <span style=\"background-color: var(--green-10); color: inherit;\" data-color=\"var(--green-10)\">nejroz\u0161\u00ed\u0159en\u011bj\u0161\u00ed jazyk<\/span> na cel\u00e9m kontinentu, st\u00e1le hraje z\u00e1sadn\u00ed roli v evropsk\u00e9 jazykov\u00e9 mozaice a p\u0159isp\u00edv\u00e1 ke kulturn\u00ed rozmanitosti regionu.<\/p>\n<p>M\u00e1 bohatou historii obchodu a pr\u016fzkumu, kter\u00e1 ovlivnila nizozemsk\u00fd jazyk a kulturu.<\/p>\n<ol start=\"10\">\n<li>\n<h3><span class=\"ez-toc-section\" id=\"Rumunstina\"><\/span>Rumun\u0161tina<span class=\"ez-toc-section-end\"><\/span><\/h3>\n<\/li>\n<\/ol>\n<p>Rumun\u0161tina pat\u0159\u00ed mezi <span style=\"background-color: var(--green-10); color: inherit;\" data-color=\"var(--green-10)\">10 nejroz\u0161\u00ed\u0159en\u011bj\u0161\u00edch jazyk\u016f<\/span> a tento \u017eeb\u0159\u00ed\u010dek uzav\u00edr\u00e1 na posledn\u00edm m\u00edst\u011b.<\/p>\n<p>Rumunsk\u00fd jazyk je z\u00e1kladn\u00edm aspektem evropsk\u00e9 jazykov\u00e9 rozmanitosti, i kdy\u017e nemus\u00ed pat\u0159it mezi nejb\u011b\u017en\u011bj\u0161\u00ed jazyky, kter\u00fdmi se v Evrop\u011b mluv\u00ed.<\/p>\n<h4>o rumunsk\u00e9m jazyce<\/h4>\n<p>Jako rom\u00e1nsk\u00fd jazyk je rumun\u0161tina \u00fazce spjata s jazyky jako ital\u0161tina, francouz\u0161tina a \u0161pan\u011bl\u0161tina a je sou\u010d\u00e1st\u00ed v\u011bt\u0161\u00ed indoevropsk\u00e9 jazykov\u00e9 rodiny.<\/p>\n<p>S p\u0159ibli\u017en\u011b 24 miliony rodil\u00fdch mluv\u010d\u00edch je rumun\u0161tina des\u00e1t\u00fd <span style=\"background-color: var(--green-10); color: inherit;\" data-color=\"var(--green-10)\">nejroz\u0161\u00ed\u0159en\u011bj\u0161\u00ed jazyk<\/span> v Evrop\u011b. Je to \u00fa\u0159edn\u00ed jazyk Rumunska a Moldavska a m\u00e1 tak\u00e9 v\u00fdznamn\u00e9 zastoupen\u00ed v komunit\u00e1ch po cel\u00e9m kontinentu.<\/p>\n<p>D\u00e1le je t\u0159eba zm\u00ednit, \u017ee rumun\u0161tina pat\u0159\u00ed do jedn\u00e9 z hlavn\u00edch jazykov\u00fdch skupin v Evrop\u011b &#8211; <strong>rom\u00e1nsk\u00fdch jazyk\u016f<\/strong>, co\u017e je v\u011btev indoevropsk\u00e9 rodiny.<\/p>\n<p>Tato jazykov\u00e1 skupina zahrnuje n\u011bkter\u00e9 dal\u0161\u00ed \u0161iroce pou\u017e\u00edvan\u00e9 jazyky, jako je francouz\u0161tina, ital\u0161tina a \u0161pan\u011bl\u0161tina, co\u017e jako celek je v\u00fdznamn\u00fdm \u010dlenem <span style=\"background-color: var(--green-10); color: inherit;\" data-color=\"var(--green-10)\">jazykov\u00e9 rodiny v Evrop\u011b<\/span>.<\/p>\n<p>Rumun\u0161tina sice nen\u00ed v\u00fdznamn\u00fdm jazykem v Evrop\u011b, ale hraje <strong>kl\u00ed\u010dovou roli v jazykov\u00e9m prost\u0159ed\u00ed <\/strong>v\u00fdchodn\u00ed Evropy.<\/p>\n<p>Jeho jedine\u010dn\u00e1 historie a kulturn\u00ed v\u00fdznam z n\u011bj \u010din\u00ed d\u016fle\u017eitou sou\u010d\u00e1st jazykov\u00e9ho d\u011bdictv\u00ed kontinentu.<\/p>\n<p>Rumun\u0161tina s latinsk\u00fdm p\u016fvodem a slovansk\u00fdmi vlivy je zn\u00e1m\u00e1 svou bohatou folklorn\u00ed a liter\u00e1rn\u00ed tradic\u00ed, kter\u00e1 zahrnuje v\u00fdznamn\u00e9 osobnosti jako <strong>Mihai Eminescu a Mircea Eliade<\/strong>.<\/p>\n<p><a href=\"https:\/\/vasco-electronics.cz\/clanky\/wp-content\/uploads\/2023\/05\/37e69bf0-2c25-4199-9798-86de190adbeb.png\"><img decoding=\"async\" class=\"alignnone wp-image-1792 size-full\" src=\"https:\/\/vasco-electronics.cz\/clanky\/wp-content\/uploads\/2023\/05\/37e69bf0-2c25-4199-9798-86de190adbeb.png\" alt=\"Dva mu\u017ei, kte\u0159\u00ed jdou po ulici lemovan\u00e9 britsk\u00fdmi vlajkami.\" width=\"1200\" height=\"628\" srcset=\"https:\/\/vasco-electronics.cz\/clanky\/wp-content\/uploads\/2023\/05\/37e69bf0-2c25-4199-9798-86de190adbeb.png 1200w, https:\/\/vasco-electronics.cz\/clanky\/wp-content\/uploads\/2023\/05\/37e69bf0-2c25-4199-9798-86de190adbeb-300x157.png 300w, https:\/\/vasco-electronics.cz\/clanky\/wp-content\/uploads\/2023\/05\/37e69bf0-2c25-4199-9798-86de190adbeb-1024x536.png 1024w, https:\/\/vasco-electronics.cz\/clanky\/wp-content\/uploads\/2023\/05\/37e69bf0-2c25-4199-9798-86de190adbeb-768x402.png 768w\" sizes=\"(max-width: 1200px) 100vw, 1200px\" \/><\/a><\/p>\n<h2><span class=\"ez-toc-section\" id=\"Dominantni_jazyk_ve_vychodni_Evrope\"><\/span>Dominantn\u00ed jazyk ve v\u00fdchodn\u00ed Evrop\u011b<span class=\"ez-toc-section-end\"><\/span><\/h2>\n<p>V\u00fd\u0161e jsme uvedli nejroz\u0161\u00ed\u0159en\u011bj\u0161\u00ed jazyky v Evrop\u011b jako celku. Nyn\u00ed se pod\u00edvejme na jednotliv\u00e1 jazykov\u00e1 \u00fazem\u00ed, kter\u00e1 se d\u011bl\u00ed na z\u00e1padn\u00ed, v\u00fdchodn\u00ed ji\u017en\u00ed a severn\u00ed.<\/p>\n<p>Za\u010dneme od jazyk\u016f v z\u00e1padn\u00ed Evrop\u011b.<\/p>\n<h3><span class=\"ez-toc-section\" id=\"Jake_jsou_nejrozsirenejsi_jazyky_v_zapadni_Evrope\"><\/span>Jak\u00e9 jsou nejroz\u0161\u00ed\u0159en\u011bj\u0161\u00ed jazyky v z\u00e1padn\u00ed Evrop\u011b?<span class=\"ez-toc-section-end\"><\/span><\/h3>\n<p>V z\u00e1padn\u00ed Evrop\u011b je n\u011bkolik dominantn\u00edch jazyk\u016f, kter\u00e9 pat\u0159\u00ed do r\u016fzn\u00fdch <span style=\"background-color: var(--green-10); color: inherit;\" data-color=\"var(--green-10)\">skupin jazyk\u016f v Evrop\u011b<\/span>, v\u010detn\u011b z\u00e1padn\u00edch rom\u00e1nsk\u00fdch a v\u00fdchodn\u00edch rom\u00e1nsk\u00fdch jazyk\u016f.<\/p>\n<h4>n\u011bmeck\u00fd jazyk<\/h4>\n<p>Jak ji\u017e bylo zm\u00edn\u011bno d\u0159\u00edve, jde o <strong>z\u00e1padogerm\u00e1nsk\u00fd jazyk<\/strong>, kter\u00fdm se mluv\u00ed p\u0159ev\u00e1\u017en\u011b v N\u011bmecku, Rakousku a \u0160v\u00fdcarsku. N\u011bm\u010dina je druh\u00fdm nejroz\u0161\u00ed\u0159en\u011bj\u0161\u00edm jazykem v Evrop\u011b a je jedn\u00edm z <span style=\"background-color: var(--green-10); color: inherit;\" data-color=\"var(--green-10)\">\u00fa\u0159edn\u00edch jazyk\u016f Evropsk\u00e9 unie<\/span>.<\/p>\n<h4>francouzsk\u00fd jazyk<\/h4>\n<p><strong>Z\u00e1padn\u00ed rom\u00e1nsk\u00fd jazyk<\/strong> je pou\u017e\u00edvan\u00fd hlavn\u011b ve Francii, Belgii a \u0160v\u00fdcarsku.<\/p>\n<p>Francouz\u0161tina je ofici\u00e1ln\u00ed <span style=\"background-color: var(--green-10); color: inherit;\" data-color=\"var(--green-10)\">\u00fa\u0159edn\u00ed jazyk Evropsk\u00e9 unie<\/span> a m\u00e1 siln\u00e9 glob\u00e1ln\u00ed zastoupen\u00ed jako mezin\u00e1rodn\u00ed jazyk diplomacie a obchodu.<\/p>\n<h2><span class=\"ez-toc-section\" id=\"Jake_jsou_dve_hlavni_jazykove_skupiny_v_zapadni_Evrope\"><\/span>Jak\u00e9 jsou dv\u011b hlavn\u00ed jazykov\u00e9 skupiny v z\u00e1padn\u00ed Evrop\u011b?<span class=\"ez-toc-section-end\"><\/span><\/h2>\n<p>Dv\u011b hlavn\u00ed jazykov\u00e9 skupiny v z\u00e1padn\u00ed Evrop\u011b jsou <strong>germ\u00e1nsk\u00e9 jazyky a rom\u00e1nsk\u00e9 jazyky<\/strong>.<\/p>\n<p>Ob\u011b tyto skupiny jsou sou\u010d\u00e1st\u00ed v\u011bt\u0161\u00ed indoevropsk\u00e9 jazykov\u00e9 rodiny a mluv\u00ed jimi miliony lid\u00ed v cel\u00e9m regionu.<\/p>\n<p>Mezi germ\u00e1nsk\u00e9 jazyky pat\u0159\u00ed angli\u010dtina, n\u011bm\u010dina a holand\u0161tina, zat\u00edmco rom\u00e1nsk\u00e9 jazyky zahrnuj\u00ed francouz\u0161tinu, \u0161pan\u011bl\u0161tinu, ital\u0161tinu a dal\u0161\u00ed.<\/p>\n<h2><span class=\"ez-toc-section\" id=\"Ktere_jazykove_rodiny_v_Evrope_dominuji_ve_stredni_a_vychodni_casti\"><\/span>Kter\u00e9 <span style=\"background-color: var(--green-10); color: inherit;\" data-color=\"var(--green-10)\">jazykov\u00e9 rodiny v Evrop\u011b<\/span> dominuj\u00ed ve st\u0159edn\u00ed a v\u00fdchodn\u00ed \u010d\u00e1sti?<span class=\"ez-toc-section-end\"><\/span><\/h2>\n<p>Ve st\u0159edn\u00ed a v\u00fdchodn\u00ed Evrop\u011b dominuj\u00ed slovansk\u00e9 jazyky.<\/p>\n<p>Tato rodina je v\u00fdznamnou v\u011btv\u00ed v\u011bt\u0161\u00ed indoevropsk\u00e9 jazykov\u00e9 rodiny a zahrnuje r\u016fznorodou skupinu jazyk\u016f, kter\u00fdmi mluv\u00ed miliony lid\u00ed v cel\u00e9m regionu.<\/p>\n<p>Slovansk\u00e9 jazyky se d\u00e1le d\u011bl\u00ed na t\u0159i hlavn\u00ed podskupiny: <strong>v\u00fdchodn\u00ed slovansk\u00e9, z\u00e1padoslovansk\u00e9 a slovansk\u00e9 ji\u017en\u00ed<\/strong>.<\/p>\n<p>V\u00fdchodoslovansk\u00e1 podskupina zahrnuje ru\u0161tinu, ukrajin\u0161tinu a b\u011bloru\u0161tinu, zat\u00edmco z\u00e1padoslovansk\u00e1 podskupina zahrnuje jazyky jako pol\u0161tina, \u010de\u0161tina a sloven\u0161tina.<\/p>\n<p>Jihoslovansk\u00e1 podskupina se skl\u00e1d\u00e1 z jazyk\u016f, jako je bulhar\u0161tina, srb\u0161tina, chorvat\u0161tina a slovin\u0161tina.<\/p>\n<p>Jako dominantn\u00ed jazykov\u00e1 rodina ve st\u0159edn\u00ed a v\u00fdchodn\u00ed Evrop\u011b hraj\u00ed slovansk\u00e9 jazyky z\u00e1sadn\u00ed roli p\u0159i utv\u00e1\u0159en\u00ed jazykov\u00e9 a kulturn\u00ed krajiny regionu.<\/p>\n<p><a href=\"https:\/\/vasco-electronics.cz\/clanky\/wp-content\/uploads\/2023\/05\/e5c8b55a-20f6-4a9e-88a5-98c39a8e53aa.png\"><img decoding=\"async\" class=\"alignnone wp-image-1793 size-full\" src=\"https:\/\/vasco-electronics.cz\/clanky\/wp-content\/uploads\/2023\/05\/e5c8b55a-20f6-4a9e-88a5-98c39a8e53aa.png\" alt=\"Ruka p\u0159idr\u017euj\u00edc\u00ed str\u00e1nku v kn\u00ed\u017ece.\" width=\"1200\" height=\"628\" srcset=\"https:\/\/vasco-electronics.cz\/clanky\/wp-content\/uploads\/2023\/05\/e5c8b55a-20f6-4a9e-88a5-98c39a8e53aa.png 1200w, https:\/\/vasco-electronics.cz\/clanky\/wp-content\/uploads\/2023\/05\/e5c8b55a-20f6-4a9e-88a5-98c39a8e53aa-300x157.png 300w, https:\/\/vasco-electronics.cz\/clanky\/wp-content\/uploads\/2023\/05\/e5c8b55a-20f6-4a9e-88a5-98c39a8e53aa-1024x536.png 1024w, https:\/\/vasco-electronics.cz\/clanky\/wp-content\/uploads\/2023\/05\/e5c8b55a-20f6-4a9e-88a5-98c39a8e53aa-768x402.png 768w\" sizes=\"(max-width: 1200px) 100vw, 1200px\" \/><\/a><\/p>\n<h2><span class=\"ez-toc-section\" id=\"Kterymi_jazyky_se_v_Evrope_nejvice_mluvi_%E2%80%93_shrnuti\"><\/span>Kter\u00fdmi jazyky se v Evrop\u011b nejv\u00edce mluv\u00ed &#8211; shrnut\u00ed<span class=\"ez-toc-section-end\"><\/span><\/h2>\n<p>V tomto \u010dl\u00e1nku jsme se sna\u017eili odpov\u011bd\u011bt mj. na ot\u00e1zky: Jak\u00e9 jsou <span style=\"background-color: var(--green-10); color: inherit;\" data-color=\"var(--green-10)\">skupiny jazyk\u016f v Evrop\u011b <\/span>jak\u00e9 je<span style=\"background-color: var(--green-10); color: inherit;\" data-color=\"var(--green-10)\"> rozd\u011blen\u00ed jazyk\u016f v Evrop\u011b <\/span>a <span style=\"background-color: var(--green-10); color: inherit;\" data-color=\"var(--green-10)\">v jak\u00fdch zem\u00edch se mluv\u00ed anglicky.<\/span><\/p>\n<p>Jazykov\u00e1 krajina Evropy je rozs\u00e1hl\u00e1 a rozmanit\u00e1 a k jej\u00edmu bohatstv\u00ed p\u0159isp\u00edv\u00e1 mnoho jazykov\u00fdch rodin.<\/p>\n<p>EU m\u00e1 <strong>24 \u00fa\u0159edn\u00edch jazyk\u016f<\/strong> a odhaduje se, \u017ee v Evrop\u011b jako celku se mluv\u00ed <strong>p\u0159ibli\u017en\u011b 200 jazyky<\/strong>.<\/p>\n<p>V Evrop\u011b rozhodn\u011b nen\u00ed nouze o jazykovou rozmanitost.<\/p>\n<p>Kdy\u017e budete cestovat po Evrop\u011b, budete m\u00edt p\u0159\u00edle\u017eitost za\u017e\u00edt kr\u00e1su, kulturu a jazyky \u2013 skute\u010dn\u00fd d\u016fkaz fascinuj\u00edc\u00ed historie a d\u011bdictv\u00ed tohoto kontinentu.<\/p>\n<p>V\u0161echny nejpou\u017e\u00edvan\u011bj\u0161\u00ed jazyky v Evrop\u011b jsou podporov\u00e1ny jak Vasco Translatorem V4, tak Vasco Translatorem M3.<\/p>\n<p>Opravdu stoj\u00ed za to um\u011bt komunikovat ve v\u0161ech z nich, proto\u017ee hraj\u00ed d\u016fle\u017eitou roli nap\u0159\u00edklad v podnik\u00e1n\u00ed a na cest\u00e1ch.<\/p>\n<h3 style=\"margin-top: 40px; border-top: solid lightgray 1px; padding-top: 10px;\"><strong>Ve zkratce:<\/strong><\/h3>\n<p>Evropa je domovem mnoha kultur a jazyk\u016f. M\u00e1 v\u00edce ne\u017e 24 \u00fa\u0159edn\u00edch jazyk\u016f a v\u00edce ne\u017e 200 mluven\u00fdch jazyk\u016f. Ru\u0161tina je nejroz\u0161\u00ed\u0159en\u011bj\u0161\u00edm jazykem v Evrop\u011b s v\u00edce ne\u017e 100 miliony rodil\u00fdch mluv\u010d\u00edch. Angli\u010dtina je druh\u00fdm nejroz\u0161\u00ed\u0159en\u011bj\u0161\u00edm jazykem s p\u0159ibli\u017en\u011b 70 miliony rodil\u00fdch mluv\u010d\u00edch. Mezi dal\u0161\u00ed jazyky, kter\u00fdmi se v Evrop\u011b mluv\u00ed, pat\u0159\u00ed n\u011bm\u010dina, francouz\u0161tina, ital\u0161tina, \u0161pan\u011bl\u0161tina, pol\u0161tina, ukrajin\u0161tina, holand\u0161tina a rumun\u0161tina. Ka\u017ed\u00fd z t\u011bchto jazyk\u016f hraje d\u016fle\u017eitou roli v jazykov\u00e9 krajin\u011b Evropy a p\u0159isp\u00edv\u00e1 ke kulturn\u00ed identit\u011b kontinentu. Angli\u010dtina je v Evrop\u011b nejpou\u017e\u00edvan\u011bj\u0161\u00edm jazykem pro mezin\u00e1rodn\u00ed komunikaci a obchod. A\u010dkoli n\u011bkter\u00e9 z t\u011bchto jazyk\u016f nejsou v Evrop\u011b nejobl\u00edben\u011bj\u0161\u00ed, st\u00e1le maj\u00ed v\u00fdznamnou kulturn\u00ed hodnotu, zejm\u00e9na ve v\u00fdchodn\u00ed Evrop\u011b. Evropsk\u00e1 jazykov\u00e1 krajina je rozmanit\u00e1 a komplexn\u00ed, co\u017e zd\u016fraz\u0148uje v\u00fdznam ka\u017ed\u00e9ho jazyka p\u0159i utv\u00e1\u0159en\u00ed evropsk\u00e9 kulturn\u00ed identity.<\/p>\n","protected":false},"excerpt":{"rendered":"<p>Evropa je domovem mnoha st\u00e1t\u016f a kultur. Je to fascinuj\u00edc\u00ed prost\u0159ed\u00ed, kde se mluv\u00ed mnoha jazyky. P\u0159inejmen\u0161\u00edm je t\u0159eba \u0159\u00edci, \u017ee t\u00e9m\u011b\u0159 v\u0161echny evropsk\u00e9 st\u00e1ty maj\u00ed sv\u016fj vlastn\u00ed \u00fa\u0159edn\u00ed jazyk! S 24 \u00fa\u0159edn\u00edmi jazyky a a\u017e 200 mluven\u00fdmi jazyky mo\u017en\u00e1 n\u011bkdy p\u0159em\u00fd\u0161l\u00edte: \u201eJak\u00fdmi jazyky se v Evrop\u011b mluv\u00ed?\u201c Dnes se tedy pod\u00edv\u00e1me l\u00e9pe na to, [&hellip;]<\/p>\n","protected":false},"author":9,"featured_media":2482,"comment_status":"closed","ping_status":"closed","sticky":false,"template":"","format":"standard","meta":{"_et_pb_use_builder":"","_et_pb_old_content":"","_et_gb_content_width":"","_FSMCFIC_featured_image_caption":"","_FSMCFIC_featured_image_nocaption":"","_FSMCFIC_featured_image_hide":"","footnotes":""},"categories":[24],"tags":[139],"class_list":["post-2235","post","type-post","status-publish","format-standard","has-post-thumbnail","hentry","category-jazyky","tag-r-faber"],"_links":{"self":[{"href":"https:\/\/vasco-electronics.cz\/clanky\/wp-json\/wp\/v2\/posts\/2235","targetHints":{"allow":["GET"]}}],"collection":[{"href":"https:\/\/vasco-electronics.cz\/clanky\/wp-json\/wp\/v2\/posts"}],"about":[{"href":"https:\/\/vasco-electronics.cz\/clanky\/wp-json\/wp\/v2\/types\/post"}],"author":[{"embeddable":true,"href":"https:\/\/vasco-electronics.cz\/clanky\/wp-json\/wp\/v2\/users\/9"}],"replies":[{"embeddable":true,"href":"https:\/\/vasco-electronics.cz\/clanky\/wp-json\/wp\/v2\/comments?post=2235"}],"version-history":[{"count":7,"href":"https:\/\/vasco-electronics.cz\/clanky\/wp-json\/wp\/v2\/posts\/2235\/revisions"}],"predecessor-version":[{"id":8292,"href":"https:\/\/vasco-electronics.cz\/clanky\/wp-json\/wp\/v2\/posts\/2235\/revisions\/8292"}],"wp:featuredmedia":[{"embeddable":true,"href":"https:\/\/vasco-electronics.cz\/clanky\/wp-json\/wp\/v2\/media\/2482"}],"wp:attachment":[{"href":"https:\/\/vasco-electronics.cz\/clanky\/wp-json\/wp\/v2\/media?parent=2235"}],"wp:term":[{"taxonomy":"category","embeddable":true,"href":"https:\/\/vasco-electronics.cz\/clanky\/wp-json\/wp\/v2\/categories?post=2235"},{"taxonomy":"post_tag","embeddable":true,"href":"https:\/\/vasco-electronics.cz\/clanky\/wp-json\/wp\/v2\/tags?post=2235"}],"curies":[{"name":"wp","href":"https:\/\/api.w.org\/{rel}","templated":true}]}}